{"id":5270,"date":"2021-01-29T08:00:07","date_gmt":"2021-01-29T06:00:07","guid":{"rendered":"http:\/\/www.jovenesnucleares.org\/blog\/?p=5270"},"modified":"2021-01-28T19:17:19","modified_gmt":"2021-01-28T17:17:19","slug":"seminario-sobre-historia-economica-energia-nuclear","status":"publish","type":"post","link":"https:\/\/www.jovenesnucleares.org\/blog\/seminario-sobre-historia-economica-energia-nuclear\/","title":{"rendered":"Seminario sobre la historia econ\u00f3mica de la energ\u00eda nuclear"},"content":{"rendered":"<p align=\"justify\"><span lang=\"ES\">El CEIDEN y J\u00f3venes Nucleares organizan de forma conjunta un seminario en el que se pretende demostrar que no es posible entender el desarrollo internacional de la energ\u00eda nuclear sin prestar atenci\u00f3n a la evoluci\u00f3n de la econom\u00eda en su conjunto. En una primera sesi\u00f3n se abordan los aspectos econ\u00f3micos del contexto internacional que incidieron sobre el desarrollo y adopci\u00f3n de la tecnolog\u00eda nuclear en el mundo, y una segunda centrada en el caso de Espa\u00f1a. Ambos seminarios permiten desvelar algunos de los asuntos macro-econ\u00f3micos y empresariales que eventualmente definen la toma de decisiones sobre lo nuclear (p.e. pol\u00edticas energ\u00e9tica e industrial, los mercados financieros o las cuestiones geopol\u00edticas). E<span lang=\"es-ES\">n ambos seminarios contaremos con <\/span><span lang=\"es-ES\">la Dra. Mar Rubio-Varas de la Universidad de Navarra como ponente.<\/span><\/span><span lang=\"ES\"><br \/>\n<\/span><\/p>\n<p align=\"justify\"><span style=\"font-size: 1rem;\">El seminario se celebrar\u00e1 los d\u00edas 9 y 16 de febrero, de 18:00 a 20:00. Como siempre, <strong>la inscripci\u00f3n es gratuita y <\/strong><\/span><strong><a style=\"font-size: 1rem;\" href=\"https:\/\/us02web.zoom.us\/webinar\/register\/WN_dATikiiRTquxq5XakGF-Ug\" target=\"_blank\" rel=\"noopener noreferrer\">se puede realizar aqu\u00ed<\/a><span style=\"font-size: 1rem;\">.<\/span><\/strong><\/p>\n<p class=\"western\"><span lang=\"es-ES\"><b>Sesi\u00f3n (I):<\/b><\/span><span lang=\"es-ES\"><b>\u00a0<\/b><\/span><span lang=\"es-ES\"><i><b>El impacto del contexto econ\u00f3mico sobre en las decisiones nucleares 1950-2020<\/b><\/i><\/span><\/p>\n<p class=\"western\" align=\"justify\"><span lang=\"es-ES\">La mayor parte de la literatura econ\u00f3mica dedicada a la energ\u00eda nuclear se centra en el costo por kilovatio-hora producido. Este enfoque pasa por alto otros temas econ\u00f3micos cruciales que eventualmente se convierten en la piedra angular de la toma de decisiones nucleares: las diferencias entre los mercados el\u00e9ctricos de los distintos pa\u00edses, la naturaleza del mercado internacional de reactores nucleares, las limitaciones financieras de los compradores, etc. Bas\u00e1ndose en la evidencia recopilada por los socios del consorcio de investigaci\u00f3n HoNESt y la historia econ\u00f3mica del per\u00edodo, esta sesi\u00f3n examina el contexto econ\u00f3mico amplio dentro del cual se tomaron decisiones con respecto a las principales tecnolog\u00edas para la producci\u00f3n de electricidad. En otras palabras, desde una perspectiva internacional, este seminario tiene como objetivo <\/span><span lang=\"es-ES\">comprender c\u00f3mo el marco econ\u00f3mico cambiante influy\u00f3 en las decisiones nucleares de los \u00faltimos 60 a\u00f1os<\/span><span lang=\"es-ES\">. Gran parte del material presentado proviene del cap\u00edtulo Rubio-Varas, M. \u2018The Changing Economic Context Influencing Nuclear Decisions\u2019 en Kaijser, A., Lehtonen, M., Meyer, J.-H. &amp; Rubio-Varas, M. (eds.).\u00a0<\/span><span lang=\"es-ES\">\u00a0<\/span><i>Engaging the Atom: The History of Nuclear Energy and Society in Europe from the 1950s to the Present.<\/i>\u00a0<span lang=\"es-ES\">West Virginia University Press (en prensa).<\/span><\/p>\n<p class=\"western\" align=\"justify\"><span lang=\"es-ES\"><b>Sesi\u00f3n (II):<\/b><\/span><span lang=\"es-ES\"><i><b>\u00a0<\/b><\/i><\/span><span lang=\"es-ES\"><i><b>La historia econ\u00f3mica de la energ\u00eda nuclear en Espa\u00f1a<\/b><\/i><\/span><\/p>\n<p class=\"western\" align=\"justify\"><span lang=\"es-ES\">Esta sesi\u00f3n analiza la historia econ\u00f3mica del programa nuclear espa\u00f1ol, desde su inicio en la d\u00e9cada de 1950 hasta la moratoria nuclear a principios de la d\u00e9cada de 1980, e investiga los or\u00edgenes econ\u00f3micos, financieros y comerciales de la energ\u00eda at\u00f3mica en Espa\u00f1a. La dimensi\u00f3n real del sector nuclear espa\u00f1ol, que exced\u00eda el tama\u00f1o econ\u00f3mico y el peso pol\u00edtico relativos del pa\u00eds en ese momento, refleja la combinaci\u00f3n de intereses nacionales y extranjeros. Se trata de insertar el caso espa\u00f1ol dentro del desarrollo internacional de la energ\u00eda nuclear, pero a la vez mostrar c\u00f3mo surgi\u00f3 el programa nuclear espa\u00f1ol, c\u00f3mo se financi\u00f3 y qui\u00e9nes fueron los principales arquitectos y beneficiarios a nivel industrial, financiero, comercial y bancario; todo sin perder de vista los aspectos de la pol\u00edtica energ\u00e9tica e industrial. El seminario hace un amplio uso de los hallazgos reportados en Rubio-Varas, M.d.M. y De la Torre, J. (Eds),<\/span><span lang=\"es-ES\">\u00a0<\/span><span lang=\"es-ES\"><i>T<\/i><\/span><span style=\"color: #0000ff;\"><a href=\"https:\/\/www.google.com\/url?q=https%3A%2F%2Fwww.springer.com%2Fin%2Fbook%2F9783319598666&amp;sa=D&amp;sntz=1&amp;usg=AFQjCNH0CBBVYHEmaMSrx783Ka7WEUtAAg\" target=\"_blank\" rel=\"noopener noreferrer\"><span style=\"color: #000000;\"><span lang=\"es-ES\"><i>he Economic History of Nuclear Energy in Spain: Governance, Business and Finance<\/i><\/span><\/span><\/a><\/span><span lang=\"es-ES\"><i>\u00a0<\/i><\/span><span lang=\"es-ES\">(Palgrave: London, 2017).<\/span><\/p>\n","protected":false},"excerpt":{"rendered":"<p>El CEIDEN y J\u00f3venes Nucleares organizan de forma conjunta un seminario en el que se pretende demostrar que no es posible entender el desarrollo internacional de la energ\u00eda nuclear sin prestar atenci\u00f3n a la evoluci\u00f3n de la econom\u00eda en su conjunto. En una primera sesi\u00f3n se abordan los aspectos econ\u00f3micos del contexto internacional que incidieron&hellip; <br \/> <a class=\"read-more\" href=\"https:\/\/www.jovenesnucleares.org\/blog\/seminario-sobre-historia-economica-energia-nuclear\/\">Read more<\/a><\/p>\n","protected":false},"author":1,"featured_media":2451,"comment_status":"closed","ping_status":"closed","sticky":false,"template":"","format":"standard","meta":{"footnotes":""},"categories":[51,38],"tags":[262,264,37,263],"class_list":["post-5270","post","type-post","status-publish","format-standard","has-post-thumbnail","hentry","category-charlas_divulgativas","category-cursos_y_seminarios","tag-ceiden","tag-historia-economica","tag-seminario","tag-universidad-de-navarra"],"yoast_head":"<!-- This site is optimized with the Yoast SEO plugin v27.5 - https:\/\/yoast.com\/product\/yoast-seo-wordpress\/ -->\n<title>Seminario sobre la historia econ\u00f3mica de la energ\u00eda nuclear - J\u00f3venes Nucleares<\/title>\n<meta name=\"robots\" content=\"index, follow, max-snippet:-1, max-image-preview:large, max-video-preview:-1\" \/>\n<link rel=\"canonical\" href=\"https:\/\/www.jovenesnucleares.org\/blog\/seminario-sobre-historia-economica-energia-nuclear\/\" \/>\n<meta property=\"og:locale\" content=\"es_ES\" \/>\n<meta property=\"og:type\" content=\"article\" \/>\n<meta property=\"og:title\" content=\"Seminario sobre la historia econ\u00f3mica de la energ\u00eda nuclear - J\u00f3venes Nucleares\" \/>\n<meta property=\"og:description\" content=\"El CEIDEN y J\u00f3venes Nucleares organizan de forma conjunta un seminario en el que se pretende demostrar que no es posible entender el desarrollo internacional de la energ\u00eda nuclear sin prestar atenci\u00f3n a la evoluci\u00f3n de la econom\u00eda en su conjunto. En una primera sesi\u00f3n se abordan los aspectos econ\u00f3micos del contexto internacional que incidieron&hellip; Read more\" \/>\n<meta property=\"og:url\" content=\"https:\/\/www.jovenesnucleares.org\/blog\/seminario-sobre-historia-economica-energia-nuclear\/\" \/>\n<meta property=\"og:site_name\" content=\"J\u00f3venes Nucleares\" \/>\n<meta property=\"article:publisher\" content=\"https:\/\/www.facebook.com\/JovenesNucleares\" \/>\n<meta property=\"article:published_time\" content=\"2021-01-29T06:00:07+00:00\" \/>\n<meta property=\"og:image\" content=\"https:\/\/www.jovenesnucleares.org\/blog\/wp-content\/uploads\/2017\/04\/logoCEIDEN_2-e1491986615824.png\" \/>\n\t<meta property=\"og:image:width\" content=\"50\" \/>\n\t<meta property=\"og:image:height\" content=\"46\" \/>\n\t<meta property=\"og:image:type\" content=\"image\/png\" \/>\n<meta name=\"author\" content=\"admin\" \/>\n<meta name=\"twitter:card\" content=\"summary_large_image\" \/>\n<meta name=\"twitter:creator\" content=\"@jjnucleares\" \/>\n<meta name=\"twitter:site\" content=\"@jjnucleares\" \/>\n<meta name=\"twitter:label1\" content=\"Escrito por\" \/>\n\t<meta name=\"twitter:data1\" content=\"admin\" \/>\n\t<meta name=\"twitter:label2\" content=\"Tiempo de lectura\" \/>\n\t<meta name=\"twitter:data2\" content=\"3 minutos\" \/>\n<script type=\"application\/ld+json\" class=\"yoast-schema-graph\">{\"@context\":\"https:\\\/\\\/schema.org\",\"@graph\":[{\"@type\":\"Article\",\"@id\":\"https:\\\/\\\/www.jovenesnucleares.org\\\/blog\\\/seminario-sobre-historia-economica-energia-nuclear\\\/#article\",\"isPartOf\":{\"@id\":\"https:\\\/\\\/www.jovenesnucleares.org\\\/blog\\\/seminario-sobre-historia-economica-energia-nuclear\\\/\"},\"author\":{\"name\":\"admin\",\"@id\":\"https:\\\/\\\/www.jovenesnucleares.org\\\/blog\\\/#\\\/schema\\\/person\\\/59f7788fd7717a12dc18a7fc7ecc5739\"},\"headline\":\"Seminario sobre la historia econ\u00f3mica de la energ\u00eda nuclear\",\"datePublished\":\"2021-01-29T06:00:07+00:00\",\"mainEntityOfPage\":{\"@id\":\"https:\\\/\\\/www.jovenesnucleares.org\\\/blog\\\/seminario-sobre-historia-economica-energia-nuclear\\\/\"},\"wordCount\":603,\"publisher\":{\"@id\":\"https:\\\/\\\/www.jovenesnucleares.org\\\/blog\\\/#organization\"},\"image\":{\"@id\":\"https:\\\/\\\/www.jovenesnucleares.org\\\/blog\\\/seminario-sobre-historia-economica-energia-nuclear\\\/#primaryimage\"},\"thumbnailUrl\":\"https:\\\/\\\/www.jovenesnucleares.org\\\/blog\\\/wp-content\\\/uploads\\\/2017\\\/04\\\/logoCEIDEN_2-e1491986615824.png\",\"keywords\":[\"CEIDEN\",\"historia econ\u00f3mica\",\"Seminario\",\"Universidad de Navarra\"],\"articleSection\":[\"Charlas divulgativas\",\"Cursos y Seminarios\"],\"inLanguage\":\"es\"},{\"@type\":\"WebPage\",\"@id\":\"https:\\\/\\\/www.jovenesnucleares.org\\\/blog\\\/seminario-sobre-historia-economica-energia-nuclear\\\/\",\"url\":\"https:\\\/\\\/www.jovenesnucleares.org\\\/blog\\\/seminario-sobre-historia-economica-energia-nuclear\\\/\",\"name\":\"Seminario sobre la historia econ\u00f3mica de la energ\u00eda nuclear - J\u00f3venes Nucleares\",\"isPartOf\":{\"@id\":\"https:\\\/\\\/www.jovenesnucleares.org\\\/blog\\\/#website\"},\"primaryImageOfPage\":{\"@id\":\"https:\\\/\\\/www.jovenesnucleares.org\\\/blog\\\/seminario-sobre-historia-economica-energia-nuclear\\\/#primaryimage\"},\"image\":{\"@id\":\"https:\\\/\\\/www.jovenesnucleares.org\\\/blog\\\/seminario-sobre-historia-economica-energia-nuclear\\\/#primaryimage\"},\"thumbnailUrl\":\"https:\\\/\\\/www.jovenesnucleares.org\\\/blog\\\/wp-content\\\/uploads\\\/2017\\\/04\\\/logoCEIDEN_2-e1491986615824.png\",\"datePublished\":\"2021-01-29T06:00:07+00:00\",\"breadcrumb\":{\"@id\":\"https:\\\/\\\/www.jovenesnucleares.org\\\/blog\\\/seminario-sobre-historia-economica-energia-nuclear\\\/#breadcrumb\"},\"inLanguage\":\"es\",\"potentialAction\":[{\"@type\":\"ReadAction\",\"target\":[\"https:\\\/\\\/www.jovenesnucleares.org\\\/blog\\\/seminario-sobre-historia-economica-energia-nuclear\\\/\"]}]},{\"@type\":\"ImageObject\",\"inLanguage\":\"es\",\"@id\":\"https:\\\/\\\/www.jovenesnucleares.org\\\/blog\\\/seminario-sobre-historia-economica-energia-nuclear\\\/#primaryimage\",\"url\":\"https:\\\/\\\/www.jovenesnucleares.org\\\/blog\\\/wp-content\\\/uploads\\\/2017\\\/04\\\/logoCEIDEN_2-e1491986615824.png\",\"contentUrl\":\"https:\\\/\\\/www.jovenesnucleares.org\\\/blog\\\/wp-content\\\/uploads\\\/2017\\\/04\\\/logoCEIDEN_2-e1491986615824.png\",\"width\":50,\"height\":46},{\"@type\":\"BreadcrumbList\",\"@id\":\"https:\\\/\\\/www.jovenesnucleares.org\\\/blog\\\/seminario-sobre-historia-economica-energia-nuclear\\\/#breadcrumb\",\"itemListElement\":[{\"@type\":\"ListItem\",\"position\":1,\"name\":\"Portada\",\"item\":\"https:\\\/\\\/www.jovenesnucleares.org\\\/blog\\\/\"},{\"@type\":\"ListItem\",\"position\":2,\"name\":\"Seminario sobre la historia econ\u00f3mica de la energ\u00eda nuclear\"}]},{\"@type\":\"WebSite\",\"@id\":\"https:\\\/\\\/www.jovenesnucleares.org\\\/blog\\\/#website\",\"url\":\"https:\\\/\\\/www.jovenesnucleares.org\\\/blog\\\/\",\"name\":\"J\u00f3venes Nucleares\",\"description\":\"Divulgaci\u00f3n de Ciencia y Tecnolog\u00eda Nuclear\",\"publisher\":{\"@id\":\"https:\\\/\\\/www.jovenesnucleares.org\\\/blog\\\/#organization\"},\"potentialAction\":[{\"@type\":\"SearchAction\",\"target\":{\"@type\":\"EntryPoint\",\"urlTemplate\":\"https:\\\/\\\/www.jovenesnucleares.org\\\/blog\\\/?s={search_term_string}\"},\"query-input\":{\"@type\":\"PropertyValueSpecification\",\"valueRequired\":true,\"valueName\":\"search_term_string\"}}],\"inLanguage\":\"es\"},{\"@type\":\"Organization\",\"@id\":\"https:\\\/\\\/www.jovenesnucleares.org\\\/blog\\\/#organization\",\"name\":\"J\u00f3venes Nucleares\",\"url\":\"https:\\\/\\\/www.jovenesnucleares.org\\\/blog\\\/\",\"logo\":{\"@type\":\"ImageObject\",\"inLanguage\":\"es\",\"@id\":\"https:\\\/\\\/www.jovenesnucleares.org\\\/blog\\\/#\\\/schema\\\/logo\\\/image\\\/\",\"url\":\"http:\\\/\\\/www.jovenesnucleares.org\\\/blog\\\/wp-content\\\/uploads\\\/2022\\\/01\\\/cropped-Logo-JJNN-principal-125px.png\",\"contentUrl\":\"http:\\\/\\\/www.jovenesnucleares.org\\\/blog\\\/wp-content\\\/uploads\\\/2022\\\/01\\\/cropped-Logo-JJNN-principal-125px.png\",\"width\":170,\"height\":70,\"caption\":\"J\u00f3venes Nucleares\"},\"image\":{\"@id\":\"https:\\\/\\\/www.jovenesnucleares.org\\\/blog\\\/#\\\/schema\\\/logo\\\/image\\\/\"},\"sameAs\":[\"https:\\\/\\\/www.facebook.com\\\/JovenesNucleares\",\"https:\\\/\\\/x.com\\\/jjnucleares\",\"https:\\\/\\\/www.instagram.com\\\/jjnucleares\\\/\",\"https:\\\/\\\/www.linkedin.com\\\/company\\\/jovenesnucleares\\\/\",\"https:\\\/\\\/www.youtube.com\\\/c\\\/JovenesNuclearesSNE\",\"https:\\\/\\\/es.wikipedia.org\\\/wiki\\\/Jovenes_Nucleares\"]},{\"@type\":\"Person\",\"@id\":\"https:\\\/\\\/www.jovenesnucleares.org\\\/blog\\\/#\\\/schema\\\/person\\\/59f7788fd7717a12dc18a7fc7ecc5739\",\"name\":\"admin\",\"image\":{\"@type\":\"ImageObject\",\"inLanguage\":\"es\",\"@id\":\"https:\\\/\\\/secure.gravatar.com\\\/avatar\\\/e57a21532a87f2eca61a7caf13a2b3b56ea01d58fef4aa2153c89ebc6c07ef0c?s=96&d=mm&r=g\",\"url\":\"https:\\\/\\\/secure.gravatar.com\\\/avatar\\\/e57a21532a87f2eca61a7caf13a2b3b56ea01d58fef4aa2153c89ebc6c07ef0c?s=96&d=mm&r=g\",\"contentUrl\":\"https:\\\/\\\/secure.gravatar.com\\\/avatar\\\/e57a21532a87f2eca61a7caf13a2b3b56ea01d58fef4aa2153c89ebc6c07ef0c?s=96&d=mm&r=g\",\"caption\":\"admin\"},\"sameAs\":[\"http:\\\/\\\/jovenesnucleares.org\\\/blog\"]}]}<\/script>\n<!-- \/ Yoast SEO plugin. -->","yoast_head_json":{"title":"Seminario sobre la historia econ\u00f3mica de la energ\u00eda nuclear - J\u00f3venes Nucleares","robots":{"index":"index","follow":"follow","max-snippet":"max-snippet:-1","max-image-preview":"max-image-preview:large","max-video-preview":"max-video-preview:-1"},"canonical":"https:\/\/www.jovenesnucleares.org\/blog\/seminario-sobre-historia-economica-energia-nuclear\/","og_locale":"es_ES","og_type":"article","og_title":"Seminario sobre la historia econ\u00f3mica de la energ\u00eda nuclear - J\u00f3venes Nucleares","og_description":"El CEIDEN y J\u00f3venes Nucleares organizan de forma conjunta un seminario en el que se pretende demostrar que no es posible entender el desarrollo internacional de la energ\u00eda nuclear sin prestar atenci\u00f3n a la evoluci\u00f3n de la econom\u00eda en su conjunto. En una primera sesi\u00f3n se abordan los aspectos econ\u00f3micos del contexto internacional que incidieron&hellip; Read more","og_url":"https:\/\/www.jovenesnucleares.org\/blog\/seminario-sobre-historia-economica-energia-nuclear\/","og_site_name":"J\u00f3venes Nucleares","article_publisher":"https:\/\/www.facebook.com\/JovenesNucleares","article_published_time":"2021-01-29T06:00:07+00:00","og_image":[{"width":50,"height":46,"url":"https:\/\/www.jovenesnucleares.org\/blog\/wp-content\/uploads\/2017\/04\/logoCEIDEN_2-e1491986615824.png","type":"image\/png"}],"author":"admin","twitter_card":"summary_large_image","twitter_creator":"@jjnucleares","twitter_site":"@jjnucleares","twitter_misc":{"Escrito por":"admin","Tiempo de lectura":"3 minutos"},"schema":{"@context":"https:\/\/schema.org","@graph":[{"@type":"Article","@id":"https:\/\/www.jovenesnucleares.org\/blog\/seminario-sobre-historia-economica-energia-nuclear\/#article","isPartOf":{"@id":"https:\/\/www.jovenesnucleares.org\/blog\/seminario-sobre-historia-economica-energia-nuclear\/"},"author":{"name":"admin","@id":"https:\/\/www.jovenesnucleares.org\/blog\/#\/schema\/person\/59f7788fd7717a12dc18a7fc7ecc5739"},"headline":"Seminario sobre la historia econ\u00f3mica de la energ\u00eda nuclear","datePublished":"2021-01-29T06:00:07+00:00","mainEntityOfPage":{"@id":"https:\/\/www.jovenesnucleares.org\/blog\/seminario-sobre-historia-economica-energia-nuclear\/"},"wordCount":603,"publisher":{"@id":"https:\/\/www.jovenesnucleares.org\/blog\/#organization"},"image":{"@id":"https:\/\/www.jovenesnucleares.org\/blog\/seminario-sobre-historia-economica-energia-nuclear\/#primaryimage"},"thumbnailUrl":"https:\/\/www.jovenesnucleares.org\/blog\/wp-content\/uploads\/2017\/04\/logoCEIDEN_2-e1491986615824.png","keywords":["CEIDEN","historia econ\u00f3mica","Seminario","Universidad de Navarra"],"articleSection":["Charlas divulgativas","Cursos y Seminarios"],"inLanguage":"es"},{"@type":"WebPage","@id":"https:\/\/www.jovenesnucleares.org\/blog\/seminario-sobre-historia-economica-energia-nuclear\/","url":"https:\/\/www.jovenesnucleares.org\/blog\/seminario-sobre-historia-economica-energia-nuclear\/","name":"Seminario sobre la historia econ\u00f3mica de la energ\u00eda nuclear - J\u00f3venes Nucleares","isPartOf":{"@id":"https:\/\/www.jovenesnucleares.org\/blog\/#website"},"primaryImageOfPage":{"@id":"https:\/\/www.jovenesnucleares.org\/blog\/seminario-sobre-historia-economica-energia-nuclear\/#primaryimage"},"image":{"@id":"https:\/\/www.jovenesnucleares.org\/blog\/seminario-sobre-historia-economica-energia-nuclear\/#primaryimage"},"thumbnailUrl":"https:\/\/www.jovenesnucleares.org\/blog\/wp-content\/uploads\/2017\/04\/logoCEIDEN_2-e1491986615824.png","datePublished":"2021-01-29T06:00:07+00:00","breadcrumb":{"@id":"https:\/\/www.jovenesnucleares.org\/blog\/seminario-sobre-historia-economica-energia-nuclear\/#breadcrumb"},"inLanguage":"es","potentialAction":[{"@type":"ReadAction","target":["https:\/\/www.jovenesnucleares.org\/blog\/seminario-sobre-historia-economica-energia-nuclear\/"]}]},{"@type":"ImageObject","inLanguage":"es","@id":"https:\/\/www.jovenesnucleares.org\/blog\/seminario-sobre-historia-economica-energia-nuclear\/#primaryimage","url":"https:\/\/www.jovenesnucleares.org\/blog\/wp-content\/uploads\/2017\/04\/logoCEIDEN_2-e1491986615824.png","contentUrl":"https:\/\/www.jovenesnucleares.org\/blog\/wp-content\/uploads\/2017\/04\/logoCEIDEN_2-e1491986615824.png","width":50,"height":46},{"@type":"BreadcrumbList","@id":"https:\/\/www.jovenesnucleares.org\/blog\/seminario-sobre-historia-economica-energia-nuclear\/#breadcrumb","itemListElement":[{"@type":"ListItem","position":1,"name":"Portada","item":"https:\/\/www.jovenesnucleares.org\/blog\/"},{"@type":"ListItem","position":2,"name":"Seminario sobre la historia econ\u00f3mica de la energ\u00eda nuclear"}]},{"@type":"WebSite","@id":"https:\/\/www.jovenesnucleares.org\/blog\/#website","url":"https:\/\/www.jovenesnucleares.org\/blog\/","name":"J\u00f3venes Nucleares","description":"Divulgaci\u00f3n de Ciencia y Tecnolog\u00eda Nuclear","publisher":{"@id":"https:\/\/www.jovenesnucleares.org\/blog\/#organization"},"potentialAction":[{"@type":"SearchAction","target":{"@type":"EntryPoint","urlTemplate":"https:\/\/www.jovenesnucleares.org\/blog\/?s={search_term_string}"},"query-input":{"@type":"PropertyValueSpecification","valueRequired":true,"valueName":"search_term_string"}}],"inLanguage":"es"},{"@type":"Organization","@id":"https:\/\/www.jovenesnucleares.org\/blog\/#organization","name":"J\u00f3venes Nucleares","url":"https:\/\/www.jovenesnucleares.org\/blog\/","logo":{"@type":"ImageObject","inLanguage":"es","@id":"https:\/\/www.jovenesnucleares.org\/blog\/#\/schema\/logo\/image\/","url":"http:\/\/www.jovenesnucleares.org\/blog\/wp-content\/uploads\/2022\/01\/cropped-Logo-JJNN-principal-125px.png","contentUrl":"http:\/\/www.jovenesnucleares.org\/blog\/wp-content\/uploads\/2022\/01\/cropped-Logo-JJNN-principal-125px.png","width":170,"height":70,"caption":"J\u00f3venes Nucleares"},"image":{"@id":"https:\/\/www.jovenesnucleares.org\/blog\/#\/schema\/logo\/image\/"},"sameAs":["https:\/\/www.facebook.com\/JovenesNucleares","https:\/\/x.com\/jjnucleares","https:\/\/www.instagram.com\/jjnucleares\/","https:\/\/www.linkedin.com\/company\/jovenesnucleares\/","https:\/\/www.youtube.com\/c\/JovenesNuclearesSNE","https:\/\/es.wikipedia.org\/wiki\/Jovenes_Nucleares"]},{"@type":"Person","@id":"https:\/\/www.jovenesnucleares.org\/blog\/#\/schema\/person\/59f7788fd7717a12dc18a7fc7ecc5739","name":"admin","image":{"@type":"ImageObject","inLanguage":"es","@id":"https:\/\/secure.gravatar.com\/avatar\/e57a21532a87f2eca61a7caf13a2b3b56ea01d58fef4aa2153c89ebc6c07ef0c?s=96&d=mm&r=g","url":"https:\/\/secure.gravatar.com\/avatar\/e57a21532a87f2eca61a7caf13a2b3b56ea01d58fef4aa2153c89ebc6c07ef0c?s=96&d=mm&r=g","contentUrl":"https:\/\/secure.gravatar.com\/avatar\/e57a21532a87f2eca61a7caf13a2b3b56ea01d58fef4aa2153c89ebc6c07ef0c?s=96&d=mm&r=g","caption":"admin"},"sameAs":["http:\/\/jovenesnucleares.org\/blog"]}]}},"post_mailing_queue_ids":[],"_links":{"self":[{"href":"https:\/\/www.jovenesnucleares.org\/blog\/wp-json\/wp\/v2\/posts\/5270","targetHints":{"allow":["GET"]}}],"collection":[{"href":"https:\/\/www.jovenesnucleares.org\/blog\/wp-json\/wp\/v2\/posts"}],"about":[{"href":"https:\/\/www.jovenesnucleares.org\/blog\/wp-json\/wp\/v2\/types\/post"}],"author":[{"embeddable":true,"href":"https:\/\/www.jovenesnucleares.org\/blog\/wp-json\/wp\/v2\/users\/1"}],"replies":[{"embeddable":true,"href":"https:\/\/www.jovenesnucleares.org\/blog\/wp-json\/wp\/v2\/comments?post=5270"}],"version-history":[{"count":4,"href":"https:\/\/www.jovenesnucleares.org\/blog\/wp-json\/wp\/v2\/posts\/5270\/revisions"}],"predecessor-version":[{"id":5306,"href":"https:\/\/www.jovenesnucleares.org\/blog\/wp-json\/wp\/v2\/posts\/5270\/revisions\/5306"}],"wp:featuredmedia":[{"embeddable":true,"href":"https:\/\/www.jovenesnucleares.org\/blog\/wp-json\/wp\/v2\/media\/2451"}],"wp:attachment":[{"href":"https:\/\/www.jovenesnucleares.org\/blog\/wp-json\/wp\/v2\/media?parent=5270"}],"wp:term":[{"taxonomy":"category","embeddable":true,"href":"https:\/\/www.jovenesnucleares.org\/blog\/wp-json\/wp\/v2\/categories?post=5270"},{"taxonomy":"post_tag","embeddable":true,"href":"https:\/\/www.jovenesnucleares.org\/blog\/wp-json\/wp\/v2\/tags?post=5270"}],"curies":[{"name":"wp","href":"https:\/\/api.w.org\/{rel}","templated":true}]}}